{"id":7684,"date":"2021-09-15T12:07:46","date_gmt":"2021-09-15T12:07:46","guid":{"rendered":"https:\/\/kuhinja-zdravlje.xyz\/?p=7684"},"modified":"2021-09-15T12:07:46","modified_gmt":"2021-09-15T12:07:46","slug":"vlasnik-buregdzinice-obavijestio-svoje-kupce-da-ide-na-godisnji-a-onda-mu-je-neko-ispod-dopisao-poruku-sad-se-cijela-bih-smije-foto","status":"publish","type":"post","link":"https:\/\/kuhinja-zdravlje.xyz\/?p=7684","title":{"rendered":"VLASNIK BUREGD\u017dINICE OBAVIJESTIO SVOJE KUPCE DA IDE NA GODI\u0160NJI: A onda mu je neko ispod dopisao poruku, sad se cijela BIH SMIJE (FOTO)"},"content":{"rendered":"<p>Viralna fotka sti\u017ee iz Ljubu\u0161kog gdje je vlasnik jedne buregd\u017einice obavijestio svoje vjerne klijente kako \u0107e do 19.9. objekt biti zatvoren zbog godi\u0161njeg odmora, pi\u0161e Lajk.hr.<\/p>\n<p>Sasvim normalna poruka koja nikome ne bi privukla pa\u017enju da se na nju nije nadovezao jedan duhoviti Ljubu\u0161ak. Naime, ovog ljeta u nekim BiH gradovima porasle su cijene bureka sa standardnih 3KM na 4KM, a netko duhovit iskoristio je obavijest na vratima da iska\u017ee svoje nezadovoljstvo takvom politikom cijena.<\/p>\n<p><img loading=\"lazy\" decoding=\"async\" class=\"alignnone wp-image-7685 size-full\" src=\"https:\/\/kuhinja-zdravlje.xyz\/wp-content\/uploads\/2021\/09\/614097ed-f7a4-4577-9731-29890a0a0a64-a1be4f14-e346-45ef-a19d-c8cd2e1b3ef8-previewOrg.jpeg\" alt=\"\" width=\"600\" height=\"744\" srcset=\"https:\/\/kuhinja-zdravlje.xyz\/wp-content\/uploads\/2021\/09\/614097ed-f7a4-4577-9731-29890a0a0a64-a1be4f14-e346-45ef-a19d-c8cd2e1b3ef8-previewOrg.jpeg 600w, https:\/\/kuhinja-zdravlje.xyz\/wp-content\/uploads\/2021\/09\/614097ed-f7a4-4577-9731-29890a0a0a64-a1be4f14-e346-45ef-a19d-c8cd2e1b3ef8-previewOrg-242x300.jpeg 242w\" sizes=\"auto, (max-width: 600px) 100vw, 600px\" \/><\/p>\n<p>Tekst: &#8220;Dok je bio 3KM mora vidio nisi!&#8221;<\/p>\n","protected":false},"excerpt":{"rendered":"<div class=\"mh-excerpt\"><p>Viralna fotka sti\u017ee iz Ljubu\u0161kog gdje je vlasnik jedne buregd\u017einice obavijestio svoje vjerne klijente kako \u0107e do 19.9. objekt biti zatvoren zbog godi\u0161njeg odmora, pi\u0161e <a class=\"mh-excerpt-more\" href=\"https:\/\/kuhinja-zdravlje.xyz\/?p=7684\" title=\"VLASNIK BUREGD\u017dINICE OBAVIJESTIO SVOJE KUPCE DA IDE NA GODI\u0160NJI: A onda mu je neko ispod dopisao poruku, sad se cijela BIH SMIJE (FOTO)\">[&#8230;]<\/a><\/p>\n<\/div>","protected":false},"author":1,"featured_media":7686,"comment_status":"open","ping_status":"open","sticky":false,"template":"","format":"standard","meta":{"footnotes":""},"categories":[5],"tags":[],"class_list":["post-7684","post","type-post","status-publish","format-standard","has-post-thumbnail","hentry","category-zanimljivosti"],"_links":{"self":[{"href":"https:\/\/kuhinja-zdravlje.xyz\/index.php?rest_route=\/wp\/v2\/posts\/7684","targetHints":{"allow":["GET"]}}],"collection":[{"href":"https:\/\/kuhinja-zdravlje.xyz\/index.php?rest_route=\/wp\/v2\/posts"}],"about":[{"href":"https:\/\/kuhinja-zdravlje.xyz\/index.php?rest_route=\/wp\/v2\/types\/post"}],"author":[{"embeddable":true,"href":"https:\/\/kuhinja-zdravlje.xyz\/index.php?rest_route=\/wp\/v2\/users\/1"}],"replies":[{"embeddable":true,"href":"https:\/\/kuhinja-zdravlje.xyz\/index.php?rest_route=%2Fwp%2Fv2%2Fcomments&post=7684"}],"version-history":[{"count":1,"href":"https:\/\/kuhinja-zdravlje.xyz\/index.php?rest_route=\/wp\/v2\/posts\/7684\/revisions"}],"predecessor-version":[{"id":7687,"href":"https:\/\/kuhinja-zdravlje.xyz\/index.php?rest_route=\/wp\/v2\/posts\/7684\/revisions\/7687"}],"wp:featuredmedia":[{"embeddable":true,"href":"https:\/\/kuhinja-zdravlje.xyz\/index.php?rest_route=\/wp\/v2\/media\/7686"}],"wp:attachment":[{"href":"https:\/\/kuhinja-zdravlje.xyz\/index.php?rest_route=%2Fwp%2Fv2%2Fmedia&parent=7684"}],"wp:term":[{"taxonomy":"category","embeddable":true,"href":"https:\/\/kuhinja-zdravlje.xyz\/index.php?rest_route=%2Fwp%2Fv2%2Fcategories&post=7684"},{"taxonomy":"post_tag","embeddable":true,"href":"https:\/\/kuhinja-zdravlje.xyz\/index.php?rest_route=%2Fwp%2Fv2%2Ftags&post=7684"}],"curies":[{"name":"wp","href":"https:\/\/api.w.org\/{rel}","templated":true}]}}