{"id":4912,"date":"2019-08-26T19:16:57","date_gmt":"2019-08-26T19:16:57","guid":{"rendered":"https:\/\/zanimljivosti55.com\/?p=4912"},"modified":"2019-08-26T19:16:57","modified_gmt":"2019-08-26T19:16:57","slug":"sara-je-rano-osijedila-ali-odlucila-je-da-se-ne-farba-ljudi-joj-u-nevjerici-prilaze-da-joj-dotaknu-kosu-foto","status":"publish","type":"post","link":"https:\/\/kuhinja-zdravlje.xyz\/?p=4912","title":{"rendered":"SARA JE RANO OSIJEDILA, ALI ODLU\u010cILA JE DA SE NE FARBA: Ljudi joj u nevjerici prilaze da joj DOTAKNU KOSU! (FOTO)"},"content":{"rendered":"<p>Sara je postala isuvi\u0161e zauzeta obavezama oko djece, supruga i ku\u0107e da bi dovoljno vremena posve\u0107ivala svojoj dugoj kosi, pa je rije\u0161ila da jednostavno prestane da se farba. Ispostavilo se da je to bila najbolja mogu\u0107a odluka &#8211; njena prirodna seda kosa je zablistala, a ona ka\u017ee da se nikada nije osje\u0107ala neodoljivo.<\/p>\n<p>Ova Amerikanka isti\u010de da joj je danas smije\u0161no kada se sjeti koliko se stidjela sijedih, te kako je nekoliko sati pred poro\u0111aj koristila sprej u boji kako bi &#8220;osvje\u017eila&#8221; svoju tada crnu kosu.<\/p>\n<p>&#8220;Vi\u0161e nisam mogla da budem rob kutiji s farbom, a \u017eivot s decom postao mi je va\u017eniji od svega drugog&#8221;, istakla je ova nau\u010dnica i spisateljica, a u svemu je podr\u017eava i suprug Hana.<\/p>\n<p>Ona je dodala i kako su je svi uveravali da \u0107e izgledati &#8220;kao vje\u0161tica&#8221;, ali upravo suprotno &#8211; njena ljepota je uz sijedu boju do\u0161la do izra\u017eaja!<\/p>\n<p><img loading=\"lazy\" decoding=\"async\" class=\"alignnone wp-image-4914 size-full\" src=\"https:\/\/zanimljivosti55.com\/wp-content\/uploads\/2019\/08\/5d14655b-da14-4c13-9900-6c7c0a0a0a64-sarasilverinsta-previewOrg.jpg\" alt=\"\" width=\"600\" height=\"700\" srcset=\"https:\/\/kuhinja-zdravlje.xyz\/wp-content\/uploads\/2019\/08\/5d14655b-da14-4c13-9900-6c7c0a0a0a64-sarasilverinsta-previewOrg.jpg 600w, https:\/\/kuhinja-zdravlje.xyz\/wp-content\/uploads\/2019\/08\/5d14655b-da14-4c13-9900-6c7c0a0a0a64-sarasilverinsta-previewOrg-257x300.jpg 257w\" sizes=\"auto, (max-width: 600px) 100vw, 600px\" \/><\/p>\n<p>(Foto: Instagram)<\/p>\n<p>&#8220;Shvatila sam da je moj stid u vezi moje kose povezan s drugim stvarima koje se &#8220;skrivaju&#8221;, a temeljile su se na dru\u0161tvenoj indoktrinaciji. Dopu\u0161tanje mojoj sijedoj kosi da se oslobodi bilo je potpuno osloba\u0111anje od te sramote i radikalna spremnost da budem to \u0161to jesam i budem slobodna. U to sam se vrijeme jo\u0161 uvijek sam poku\u0161avala da se uklopim u bezbrojne dru\u0161tvene strukture &#8211; \u0161iru porodicu, dru\u0161tvo majki u \u0161koli i vrti\u0107u &#8211; za koje sam znala da \u0107e biti \u0161okirane kad ugledaju moj sijed korijen na crnoj kosi. Pa ipak, u srcu sam dobro znala da to i ne mora da bude tako i da \u0107u samo tako razbiti sve nametnute stereotipe. Nikad vi\u0161e nisam uzela farbu u ruke&#8221;, objasnila je Sara.<\/p>\n<p><img loading=\"lazy\" decoding=\"async\" class=\"alignnone wp-image-4917 size-full\" src=\"https:\/\/zanimljivosti55.com\/wp-content\/uploads\/2019\/08\/5d14654a-594c-4872-aec2-6c7c0a0a0a64-saraa-previewOrg.jpg\" alt=\"\" width=\"600\" height=\"750\" srcset=\"https:\/\/kuhinja-zdravlje.xyz\/wp-content\/uploads\/2019\/08\/5d14654a-594c-4872-aec2-6c7c0a0a0a64-saraa-previewOrg.jpg 600w, https:\/\/kuhinja-zdravlje.xyz\/wp-content\/uploads\/2019\/08\/5d14654a-594c-4872-aec2-6c7c0a0a0a64-saraa-previewOrg-240x300.jpg 240w\" sizes=\"auto, (max-width: 600px) 100vw, 600px\" \/><\/p>\n<p>(Foto: Instagram)<\/p>\n<p>Ka\u017ee da ju je sve ovo podstaklo i da promijeni imid\u017e, pa je po\u010dela da nosi druga\u010diju odje\u0107u u \u017eivim bojama i \u0161minka se na nove na\u010dine, a \u017eivot joj je postao zabavniji nego ikada prije.<\/p>\n<p><img loading=\"lazy\" decoding=\"async\" class=\"alignnone wp-image-4916 size-full\" src=\"https:\/\/zanimljivosti55.com\/wp-content\/uploads\/2019\/08\/5d146553-7528-4788-a2a1-6c7c0a0a0a64-sarans-previewOrg.jpg\" alt=\"\" width=\"600\" height=\"747\" srcset=\"https:\/\/kuhinja-zdravlje.xyz\/wp-content\/uploads\/2019\/08\/5d146553-7528-4788-a2a1-6c7c0a0a0a64-sarans-previewOrg.jpg 600w, https:\/\/kuhinja-zdravlje.xyz\/wp-content\/uploads\/2019\/08\/5d146553-7528-4788-a2a1-6c7c0a0a0a64-sarans-previewOrg-241x300.jpg 241w\" sizes=\"auto, (max-width: 600px) 100vw, 600px\" \/><\/p>\n<p>(foto: Instagram)<\/p>\n<p>Sara je naglasila i da se osje\u0107a bolje nego ikada i da joj prija \u0161to uvijek izaziva reakciju drugih, a otkrila je i da joj ljudi \u010desto prilaze samo kako bi dodirnuli njenu kosu.<\/p>\n<p>&#8220;Osje\u0107am se kao da je moja kosa simbol prirodne ljepote i slobode, i zahvalna sam \u0161to mogu da igram neku ulogu u pomaganju \u017eenama da otkriju koliko su zaista nevjerovatne, ali i koliko slobodan i zabavan \u017eivot mo\u017ee da bude&#8221;, rekla je.<\/p>\n<p><img loading=\"lazy\" decoding=\"async\" class=\"alignnone wp-image-4915 size-full\" src=\"https:\/\/zanimljivosti55.com\/wp-content\/uploads\/2019\/08\/5d146540-3dfc-4bd0-8afe-6c7c0a0a0a64-sara-insta-previewOrg.jpg\" alt=\"\" width=\"600\" height=\"750\" srcset=\"https:\/\/kuhinja-zdravlje.xyz\/wp-content\/uploads\/2019\/08\/5d146540-3dfc-4bd0-8afe-6c7c0a0a0a64-sara-insta-previewOrg.jpg 600w, https:\/\/kuhinja-zdravlje.xyz\/wp-content\/uploads\/2019\/08\/5d146540-3dfc-4bd0-8afe-6c7c0a0a0a64-sara-insta-previewOrg-240x300.jpg 240w\" sizes=\"auto, (max-width: 600px) 100vw, 600px\" \/><\/p>\n<p>(Foto: Instagram)<\/p>\n<p>&#8220;\u017divim svoje snove. Objavila sam tri knjige u kojima opisujem svoj \u017eivot sa sijedom kosom. Petnaest godina sam stavljala skupe otrove na glavu, prestravljena od onoga \u0161to zaista jesam, i to sve da prikrijem ne\u0161to \u0161to je zapravo bio dar ne samo meni nego i mnogim drugima&#8221;, zaklju\u010dila je ova majka dvoje djece.<\/p>\n<p>Izvor: novi.ba<\/p>\n","protected":false},"excerpt":{"rendered":"<div class=\"mh-excerpt\"><p>Sara je postala isuvi\u0161e zauzeta obavezama oko djece, supruga i ku\u0107e da bi dovoljno vremena posve\u0107ivala svojoj dugoj kosi, pa je rije\u0161ila da jednostavno prestane <a class=\"mh-excerpt-more\" href=\"https:\/\/kuhinja-zdravlje.xyz\/?p=4912\" title=\"SARA JE RANO OSIJEDILA, ALI ODLU\u010cILA JE DA SE NE FARBA: Ljudi joj u nevjerici prilaze da joj DOTAKNU KOSU! (FOTO)\">[&#8230;]<\/a><\/p>\n<\/div>","protected":false},"author":1,"featured_media":4918,"comment_status":"open","ping_status":"open","sticky":false,"template":"","format":"standard","meta":{"footnotes":""},"categories":[6],"tags":[],"class_list":["post-4912","post","type-post","status-publish","format-standard","has-post-thumbnail","hentry","category-ljepota"],"_links":{"self":[{"href":"https:\/\/kuhinja-zdravlje.xyz\/index.php?rest_route=\/wp\/v2\/posts\/4912","targetHints":{"allow":["GET"]}}],"collection":[{"href":"https:\/\/kuhinja-zdravlje.xyz\/index.php?rest_route=\/wp\/v2\/posts"}],"about":[{"href":"https:\/\/kuhinja-zdravlje.xyz\/index.php?rest_route=\/wp\/v2\/types\/post"}],"author":[{"embeddable":true,"href":"https:\/\/kuhinja-zdravlje.xyz\/index.php?rest_route=\/wp\/v2\/users\/1"}],"replies":[{"embeddable":true,"href":"https:\/\/kuhinja-zdravlje.xyz\/index.php?rest_route=%2Fwp%2Fv2%2Fcomments&post=4912"}],"version-history":[{"count":1,"href":"https:\/\/kuhinja-zdravlje.xyz\/index.php?rest_route=\/wp\/v2\/posts\/4912\/revisions"}],"predecessor-version":[{"id":4919,"href":"https:\/\/kuhinja-zdravlje.xyz\/index.php?rest_route=\/wp\/v2\/posts\/4912\/revisions\/4919"}],"wp:featuredmedia":[{"embeddable":true,"href":"https:\/\/kuhinja-zdravlje.xyz\/index.php?rest_route=\/wp\/v2\/media\/4918"}],"wp:attachment":[{"href":"https:\/\/kuhinja-zdravlje.xyz\/index.php?rest_route=%2Fwp%2Fv2%2Fmedia&parent=4912"}],"wp:term":[{"taxonomy":"category","embeddable":true,"href":"https:\/\/kuhinja-zdravlje.xyz\/index.php?rest_route=%2Fwp%2Fv2%2Fcategories&post=4912"},{"taxonomy":"post_tag","embeddable":true,"href":"https:\/\/kuhinja-zdravlje.xyz\/index.php?rest_route=%2Fwp%2Fv2%2Ftags&post=4912"}],"curies":[{"name":"wp","href":"https:\/\/api.w.org\/{rel}","templated":true}]}}